{"id":434,"date":"2021-09-27T00:12:16","date_gmt":"2021-09-26T22:12:16","guid":{"rendered":"https:\/\/www.proficon.sk\/hu\/?p=434"},"modified":"2021-10-08T02:11:20","modified_gmt":"2021-10-08T00:11:20","slug":"termekek-a-proficon-tarsasagunktol","status":"publish","type":"post","link":"https:\/\/www.proficon.sk\/hu\/blog\/2021\/09\/27\/termekek-a-proficon-tarsasagunktol\/","title":{"rendered":"Term\u00e9kek a Proficon t\u00e1rsas\u00e1gunkt\u00f3l"},"content":{"rendered":"\n<p>M\u00e1r r\u00e9g elm\u00faltak azok az id\u0151k, amikor minden betonfel\u00fcletet homlokzati vakolat vagy diz\u00e1jnburkolat bor\u00edtott. A modern \u00e9p\u00edt\u00e9szet nem f\u00e9l felt\u00e1rni a fedetlen betonfel\u00fcleteket, legyen sz\u00f3 k\u00fcls\u0151 vagy bels\u0151 t\u00e9rr\u0151l. Ez\u00e9rt \u00fagy d\u00f6nt\u00f6tt\u00fcnk, hogy a falaz\u00f3 anyagok \u00e9s a betonszerkezetek ter\u00fclet\u00e9re egy \u00faj exkluz\u00edv term\u00e9ket hozunk &#8211; l\u00e1tsz\u00f3betonb\u00f3l k\u00e9sz\u00fclt term\u00e9keket m\u00e1rv\u00e1nyra eml\u00e9keztet\u0151 fel\u00fcletkezel\u00e9ssel.<\/p>\n\n\n\n<h2 class=\"wp-block-heading\">Blokk, amely id\u0151t \u00e9s p\u00e9nzt takar\u00edt meg<\/h2>\n\n\n\n<p>A Proficon m\u0171hely\u00e9nek \u00faj blokkja egy olyan diz\u00e1jn blokk, amely nem ig\u00e9nyel tov\u00e1bbi \u00e9p\u00edt\u0151anyagokat vagy tov\u00e1bbi munk\u00e1t az \u00e9p\u00edtkez\u00e9s befejez\u00e9s\u00e9hez. Nincs sz\u00fcks\u00e9g penetr\u00e1ci\u00f3s bevonatra, ragaszt\u00f3ra, er\u0151s\u00edt\u0151 h\u00e1l\u00f3ra, vakolatra vagy fest\u00e9kre. Ez sok p\u00e9nzt takar\u00edt meg az anyagokon \u00e9s a befejez\u00e9sre ford\u00edtott id\u0151mennyis\u00e9gen.<\/p>\n\n\n\n<figure class=\"wp-block-gallery columns-3 is-cropped wp-block-gallery-1 is-layout-flex wp-block-gallery-is-layout-flex\"><ul class=\"blocks-gallery-grid\"><li class=\"blocks-gallery-item\"><figure><img decoding=\"async\" width=\"1024\" height=\"683\" src=\"https:\/\/www.proficon.sk\/hu\/wp-content\/uploads\/sites\/3\/2021\/09\/ET_9117-20210719-1024x683.jpg\" alt data-id=\"435\" data-full-url=\"https:\/\/www.proficon.sk\/hu\/wp-content\/uploads\/sites\/3\/2021\/09\/ET_9117-20210719.jpg\" data-link=\"https:\/\/www.proficon.sk\/?attachment_id=435\" class=\"wp-image-435 fy-content__image fy-lazy js-lazy\" data-src=\"https:\/\/www.proficon.sk\/hu\/wp-content\/uploads\/sites\/3\/2021\/09\/ET_9117-20210719-1024x683.jpg\" srcset=\"https:\/\/www.proficon.sk\/hu\/wp-content\/uploads\/sites\/3\/2021\/09\/ET_9117-20210719-1024x683.jpg 1024w, https:\/\/www.proficon.sk\/hu\/wp-content\/uploads\/sites\/3\/2021\/09\/ET_9117-20210719-300x200.jpg 300w, https:\/\/www.proficon.sk\/hu\/wp-content\/uploads\/sites\/3\/2021\/09\/ET_9117-20210719-768x512.jpg 768w, https:\/\/www.proficon.sk\/hu\/wp-content\/uploads\/sites\/3\/2021\/09\/ET_9117-20210719-1536x1024.jpg 1536w, https:\/\/www.proficon.sk\/hu\/wp-content\/uploads\/sites\/3\/2021\/09\/ET_9117-20210719.jpg 1920w\" sizes=\"(max-width: 1024px) 100vw, 1024px\" \/><div class=\"fy-image-loading fy-image-loading--skeleton\" aria-hidden=\"true\"><\/div>\n<\/figure><\/li><li class=\"blocks-gallery-item\"><figure><img decoding=\"async\" width=\"1024\" height=\"683\" src=\"https:\/\/www.proficon.sk\/hu\/wp-content\/uploads\/sites\/3\/2021\/09\/ET_9145-20210719-1024x683.jpg\" alt data-id=\"436\" data-full-url=\"https:\/\/www.proficon.sk\/hu\/wp-content\/uploads\/sites\/3\/2021\/09\/ET_9145-20210719.jpg\" data-link=\"https:\/\/www.proficon.sk\/?attachment_id=436\" class=\"wp-image-436 fy-content__image fy-lazy js-lazy\" data-src=\"https:\/\/www.proficon.sk\/hu\/wp-content\/uploads\/sites\/3\/2021\/09\/ET_9145-20210719-1024x683.jpg\" srcset=\"https:\/\/www.proficon.sk\/hu\/wp-content\/uploads\/sites\/3\/2021\/09\/ET_9145-20210719-1024x683.jpg 1024w, https:\/\/www.proficon.sk\/hu\/wp-content\/uploads\/sites\/3\/2021\/09\/ET_9145-20210719-300x200.jpg 300w, https:\/\/www.proficon.sk\/hu\/wp-content\/uploads\/sites\/3\/2021\/09\/ET_9145-20210719-768x512.jpg 768w, https:\/\/www.proficon.sk\/hu\/wp-content\/uploads\/sites\/3\/2021\/09\/ET_9145-20210719-1536x1024.jpg 1536w, https:\/\/www.proficon.sk\/hu\/wp-content\/uploads\/sites\/3\/2021\/09\/ET_9145-20210719.jpg 1920w\" sizes=\"(max-width: 1024px) 100vw, 1024px\" \/><div class=\"fy-image-loading fy-image-loading--skeleton\" aria-hidden=\"true\"><\/div>\n<\/figure><\/li><li class=\"blocks-gallery-item\"><figure><img decoding=\"async\" width=\"1024\" height=\"683\" src=\"https:\/\/www.proficon.sk\/hu\/wp-content\/uploads\/sites\/3\/2021\/09\/ET_9155-20210719-1024x683.jpg\" alt data-id=\"437\" data-full-url=\"https:\/\/www.proficon.sk\/hu\/wp-content\/uploads\/sites\/3\/2021\/09\/ET_9155-20210719.jpg\" data-link=\"https:\/\/www.proficon.sk\/?attachment_id=437\" class=\"wp-image-437 fy-content__image fy-lazy js-lazy\" data-src=\"https:\/\/www.proficon.sk\/hu\/wp-content\/uploads\/sites\/3\/2021\/09\/ET_9155-20210719-1024x683.jpg\" srcset=\"https:\/\/www.proficon.sk\/hu\/wp-content\/uploads\/sites\/3\/2021\/09\/ET_9155-20210719-1024x683.jpg 1024w, https:\/\/www.proficon.sk\/hu\/wp-content\/uploads\/sites\/3\/2021\/09\/ET_9155-20210719-300x200.jpg 300w, https:\/\/www.proficon.sk\/hu\/wp-content\/uploads\/sites\/3\/2021\/09\/ET_9155-20210719-768x512.jpg 768w, https:\/\/www.proficon.sk\/hu\/wp-content\/uploads\/sites\/3\/2021\/09\/ET_9155-20210719-1536x1024.jpg 1536w, https:\/\/www.proficon.sk\/hu\/wp-content\/uploads\/sites\/3\/2021\/09\/ET_9155-20210719.jpg 1920w\" sizes=\"(max-width: 1024px) 100vw, 1024px\" \/><div class=\"fy-image-loading fy-image-loading--skeleton\" aria-hidden=\"true\"><\/div>\n<\/figure><\/li><\/ul><\/figure>\n\n\n\n<h2 class=\"wp-block-heading\">Term\u00e9kek sz\u00e9les v\u00e1laszt\u00e9ka<\/h2>\n\n\n\n<p>A Proficon t\u00e1rsas\u00e1g sz\u00e1mos term\u00e9ket k\u00edn\u00e1l ezen egyedi kialak\u00edt\u00e1sban: falaz\u00f3blokk, csempeburkolat, j\u00e1r\u00f3lap vagy oszlop zsalu. Mindegyik term\u00e9k k\u00e9zzel k\u00e9sz\u00fcl, nagyon prec\u00edz munk\u00e1val a maxim\u00e1lis m\u0171szaki \u00e9s optikai tulajdons\u00e1gok el\u00e9r\u00e9se \u00e9rdek\u00e9ben.<\/p>\n\n\n\n<figure class=\"wp-block-gallery columns-3 is-cropped wp-block-gallery-2 is-layout-flex wp-block-gallery-is-layout-flex\"><ul class=\"blocks-gallery-grid\"><li class=\"blocks-gallery-item\"><figure><img decoding=\"async\" width=\"1024\" height=\"683\" src=\"https:\/\/www.proficon.sk\/hu\/wp-content\/uploads\/sites\/3\/2021\/09\/ET_4611-20210908-1024x683.jpg\" alt data-id=\"438\" data-link=\"https:\/\/www.proficon.sk\/?attachment_id=438\" class=\"wp-image-438 fy-content__image fy-lazy js-lazy\" data-src=\"https:\/\/www.proficon.sk\/hu\/wp-content\/uploads\/sites\/3\/2021\/09\/ET_4611-20210908-1024x683.jpg\" srcset=\"https:\/\/www.proficon.sk\/hu\/wp-content\/uploads\/sites\/3\/2021\/09\/ET_4611-20210908-1024x683.jpg 1024w, https:\/\/www.proficon.sk\/hu\/wp-content\/uploads\/sites\/3\/2021\/09\/ET_4611-20210908-300x200.jpg 300w, https:\/\/www.proficon.sk\/hu\/wp-content\/uploads\/sites\/3\/2021\/09\/ET_4611-20210908-768x512.jpg 768w, https:\/\/www.proficon.sk\/hu\/wp-content\/uploads\/sites\/3\/2021\/09\/ET_4611-20210908-1536x1024.jpg 1536w, https:\/\/www.proficon.sk\/hu\/wp-content\/uploads\/sites\/3\/2021\/09\/ET_4611-20210908.jpg 1920w\" sizes=\"(max-width: 1024px) 100vw, 1024px\" \/><div class=\"fy-image-loading fy-image-loading--skeleton\" aria-hidden=\"true\"><\/div>\n<\/figure><\/li><li class=\"blocks-gallery-item\"><figure><img decoding=\"async\" width=\"1024\" height=\"683\" src=\"https:\/\/www.proficon.sk\/hu\/wp-content\/uploads\/sites\/3\/2021\/09\/ET_4541-20210908-1024x683.jpg\" alt data-id=\"439\" data-link=\"https:\/\/www.proficon.sk\/?attachment_id=439\" class=\"wp-image-439 fy-content__image fy-lazy js-lazy\" data-src=\"https:\/\/www.proficon.sk\/hu\/wp-content\/uploads\/sites\/3\/2021\/09\/ET_4541-20210908-1024x683.jpg\" srcset=\"https:\/\/www.proficon.sk\/hu\/wp-content\/uploads\/sites\/3\/2021\/09\/ET_4541-20210908-1024x683.jpg 1024w, https:\/\/www.proficon.sk\/hu\/wp-content\/uploads\/sites\/3\/2021\/09\/ET_4541-20210908-300x200.jpg 300w, https:\/\/www.proficon.sk\/hu\/wp-content\/uploads\/sites\/3\/2021\/09\/ET_4541-20210908-768x512.jpg 768w, https:\/\/www.proficon.sk\/hu\/wp-content\/uploads\/sites\/3\/2021\/09\/ET_4541-20210908-1536x1024.jpg 1536w, https:\/\/www.proficon.sk\/hu\/wp-content\/uploads\/sites\/3\/2021\/09\/ET_4541-20210908.jpg 1920w\" sizes=\"(max-width: 1024px) 100vw, 1024px\" \/><div class=\"fy-image-loading fy-image-loading--skeleton\" aria-hidden=\"true\"><\/div>\n<\/figure><\/li><li class=\"blocks-gallery-item\"><figure><img decoding=\"async\" width=\"1024\" height=\"683\" src=\"https:\/\/www.proficon.sk\/hu\/wp-content\/uploads\/sites\/3\/2021\/09\/ET_4549-20210908-1024x683.jpg\" alt data-id=\"440\" data-full-url=\"https:\/\/www.proficon.sk\/hu\/wp-content\/uploads\/sites\/3\/2021\/09\/ET_4549-20210908.jpg\" data-link=\"https:\/\/www.proficon.sk\/?attachment_id=440\" class=\"wp-image-440 fy-content__image fy-lazy js-lazy\" data-src=\"https:\/\/www.proficon.sk\/hu\/wp-content\/uploads\/sites\/3\/2021\/09\/ET_4549-20210908-1024x683.jpg\" srcset=\"https:\/\/www.proficon.sk\/hu\/wp-content\/uploads\/sites\/3\/2021\/09\/ET_4549-20210908-1024x683.jpg 1024w, https:\/\/www.proficon.sk\/hu\/wp-content\/uploads\/sites\/3\/2021\/09\/ET_4549-20210908-300x200.jpg 300w, https:\/\/www.proficon.sk\/hu\/wp-content\/uploads\/sites\/3\/2021\/09\/ET_4549-20210908-768x512.jpg 768w, https:\/\/www.proficon.sk\/hu\/wp-content\/uploads\/sites\/3\/2021\/09\/ET_4549-20210908-1536x1024.jpg 1536w, https:\/\/www.proficon.sk\/hu\/wp-content\/uploads\/sites\/3\/2021\/09\/ET_4549-20210908.jpg 1920w\" sizes=\"(max-width: 1024px) 100vw, 1024px\" \/><div class=\"fy-image-loading fy-image-loading--skeleton\" aria-hidden=\"true\"><\/div>\n<\/figure><\/li><\/ul><\/figure>\n\n\n\n<h2 class=\"wp-block-heading\">Online rendel\u00e9s, h\u00e1zhozsz\u00e1ll\u00edt\u00e1ssal<\/h2>\n\n\n\n<p>Mindegyik term\u00e9ket online megrendelheti a weboldalunkon az al\u00e1bbi \u0171rlap seg\u00edts\u00e9g\u00e9vel. A webhelyen teljes k\u00f6r\u0171 inform\u00e1ci\u00f3kat is tal\u00e1lhat, p\u00e9ld\u00e1ul m\u00e9retekkel \u00e9s \u00e1rakkal kapcsolatban. Term\u00e9szetesen ezen betonterm\u00e9kek gyors sz\u00e1ll\u00edt\u00e1sa Szlov\u00e1kia eg\u00e9sz ter\u00fclet\u00e9re \u00e9rv\u00e9nyes.<\/p>\n","protected":false},"excerpt":{"rendered":"<p>M\u00e1r r\u00e9g elm\u00faltak azok az id\u0151k, amikor minden betonfel\u00fcletet homlokzati vakolat vagy diz\u00e1jnburkolat bor\u00edtott. A modern \u00e9p\u00edt\u00e9szet nem f\u00e9l felt\u00e1rni &#8230;<\/p>\n","protected":false},"author":2,"featured_media":438,"comment_status":"open","ping_status":"open","sticky":false,"template":"","format":"standard","meta":{"powered_cache_disable_cache":false,"footnotes":""},"categories":[1],"tags":[],"class_list":["post-434","post","type-post","status-publish","format-standard","has-post-thumbnail","hentry","category-nezaradene"],"_links":{"self":[{"href":"https:\/\/www.proficon.sk\/hu\/wp-json\/wp\/v2\/posts\/434","targetHints":{"allow":["GET"]}}],"collection":[{"href":"https:\/\/www.proficon.sk\/hu\/wp-json\/wp\/v2\/posts"}],"about":[{"href":"https:\/\/www.proficon.sk\/hu\/wp-json\/wp\/v2\/types\/post"}],"author":[{"embeddable":true,"href":"https:\/\/www.proficon.sk\/hu\/wp-json\/wp\/v2\/users\/2"}],"replies":[{"embeddable":true,"href":"https:\/\/www.proficon.sk\/hu\/wp-json\/wp\/v2\/comments?post=434"}],"version-history":[{"count":5,"href":"https:\/\/www.proficon.sk\/hu\/wp-json\/wp\/v2\/posts\/434\/revisions"}],"predecessor-version":[{"id":493,"href":"https:\/\/www.proficon.sk\/hu\/wp-json\/wp\/v2\/posts\/434\/revisions\/493"}],"wp:featuredmedia":[{"embeddable":true,"href":"https:\/\/www.proficon.sk\/hu\/wp-json\/wp\/v2\/media\/438"}],"wp:attachment":[{"href":"https:\/\/www.proficon.sk\/hu\/wp-json\/wp\/v2\/media?parent=434"}],"wp:term":[{"taxonomy":"category","embeddable":true,"href":"https:\/\/www.proficon.sk\/hu\/wp-json\/wp\/v2\/categories?post=434"},{"taxonomy":"post_tag","embeddable":true,"href":"https:\/\/www.proficon.sk\/hu\/wp-json\/wp\/v2\/tags?post=434"}],"curies":[{"name":"wp","href":"https:\/\/api.w.org\/{rel}","templated":true}]}}